{"provider_url": "https://www.bonfimdopiaui.pi.leg.br", "title": "Resumo  - sess\u00e3o ordin\u00e1ria 002/2026", "html": "<p>A C\u00e2mara Municipal de Bonfim do Piau\u00ed realizou, no dia 12 de mar\u00e7o de 2026, mais uma sess\u00e3o ordin\u00e1ria da atual legislatura, onde os parlamentares apreciaram mat\u00e9rias legislativas, discutiram demandas da popula\u00e7\u00e3o e debateram temas relacionados ao desenvolvimento do munic\u00edpio.</p>\r\n<h2>Mat\u00e9rias aprovadas</h2>\r\n<p>Entre as mat\u00e9rias apreciadas pelo plen\u00e1rio, foi aprovada a Resolu\u00e7\u00e3o n\u00ba 001/2026, que atualiza os valores das di\u00e1rias concedidas aos vereadores e servidores da C\u00e2mara Municipal.</p>\r\n<p>Tamb\u00e9m foram aprovados dois requerimentos apresentados pela vereadora Maria Sandra Borges. O Requerimento n\u00ba 006/2026 solicita ao Poder Executivo a instala\u00e7\u00e3o de c\u00e2meras de seguran\u00e7a nas entradas e sa\u00eddas do munic\u00edpio, medida que busca refor\u00e7ar o monitoramento e contribuir para a seguran\u00e7a p\u00fablica. J\u00e1 o Requerimento n\u00ba 007/2026 pede a implanta\u00e7\u00e3o de aulas de taekwondo, karat\u00ea e outras atividades esportivas nas unidades escolares do munic\u00edpio, com o objetivo de incentivar a pr\u00e1tica esportiva entre jovens e adultos.</p>\r\n<p>Ainda durante a sess\u00e3o, os vereadores aprovaram a Proposta de Emenda \u00e0 Lei Org\u00e2nica do Munic\u00edpio n\u00ba 003/2025.</p>\r\n<h2>Projetos encaminhados pelo Executivo</h2>\r\n<p>O Poder Executivo encaminhou ao Legislativo tr\u00eas projetos de lei para aprecia\u00e7\u00e3o dos parlamentares:</p>\r\n<ul>\r\n<li>Projeto de Lei n\u00ba 001/2026 \u2013 Revoga a Lei Municipal n\u00ba 2006/2015, que disp\u00f5e sobre o piso salarial dos profissionais fisioterapeutas e terapeutas ocupacionais no \u00e2mbito do munic\u00edpio de Bonfim do Piau\u00ed.</li>\r\n<li>Projeto de Lei n\u00ba 002/2026 \u2013 Institui a reserva de 20% das vagas em concursos p\u00fablicos e processos seletivos simplificados no \u00e2mbito da administra\u00e7\u00e3o municipal para pessoas pretas, pardas, ind\u00edgenas e quilombolas.</li>\r\n<li>Projeto de Lei n\u00ba 003/2026 \u2013 Altera dispositivos da Lei Municipal n\u00ba 047/1999, que trata da cria\u00e7\u00e3o do Fundo Municipal para a Inf\u00e2ncia e Adolesc\u00eancia (FIA), estabelecendo que a gest\u00e3o administrativa e financeira do fundo ficar\u00e1 sob responsabilidade da Secretaria Municipal de Assist\u00eancia Social.</li>\r\n</ul>\r\n<h2>Debates no grande expediente</h2>\r\n<p>Durante o grande expediente, os vereadores utilizaram a tribuna para discutir diversas pautas de interesse da popula\u00e7\u00e3o.</p>\r\n<p>Entre os temas abordados, destacaram-se a preocupa\u00e7\u00e3o com o abastecimento de \u00e1gua no munic\u00edpio e na regi\u00e3o, a necessidade de melhorias em estradas vicinais e a amplia\u00e7\u00e3o de servi\u00e7os de ilumina\u00e7\u00e3o p\u00fablica em comunidades rurais.</p>\r\n<p>Tamb\u00e9m foram levantadas preocupa\u00e7\u00f5es relacionadas \u00e0 seguran\u00e7a na zona rural, especialmente em raz\u00e3o de relatos de furtos de animais, situa\u00e7\u00e3o que tem gerado apreens\u00e3o entre criadores e moradores das comunidades.</p>\r\n<p>Outro ponto discutido foi a necessidade de melhorias na infraestrutura de cemit\u00e9rios em algumas localidades do munic\u00edpio, bem como interven\u00e7\u00f5es em obras e espa\u00e7os p\u00fablicos.</p>\r\n<p>Durante os pronunciamentos, vereadores tamb\u00e9m comentaram sobre a\u00e7\u00f5es recentes da gest\u00e3o municipal, obras realizadas na cidade e a visita de autoridades estaduais \u00e0 regi\u00e3o, destacando a import\u00e2ncia de investimentos e parcerias para o desenvolvimento de Bonfim do Piau\u00ed.</p>\r\n<h2>Homenagem \u00e0s mulheres</h2>\r\n<p>Ao final da sess\u00e3o, a C\u00e2mara Municipal realizou um momento de homenagem \u00e0s mulheres, em alus\u00e3o ao Dia Internacional da Mulher. Vereadoras e servidoras do Legislativo receberam flores em reconhecimento \u00e0 contribui\u00e7\u00e3o feminina na sociedade e na vida p\u00fablica.</p>\r\n<p>A sess\u00e3o foi transmitida ao vivo pelas redes sociais da C\u00e2mara Municipal, permitindo que a popula\u00e7\u00e3o acompanhasse os debates e as decis\u00f5es do Poder Legislativo.</p>\r\n<div class=\"TV_home\">\r\n<div class=\"TV_home_bloco\">\r\n<div class=\"TV_home_bloco_video\"><iframe src=\"https://www.youtube.com/embed/CTIPfU3S0vY\" width=\"320\" height=\"240\" style=\"\"></iframe>\r\n<div class=\"TV_home_bloco_ident\">\r\n<p>Sess\u00e3o Ordin\u00e1ria - 12/03/2026</p>\r\n</div>\r\n</div>\r\n</div>\r\n</div>", "author_name": "", "version": "1.0", "author_url": "https://www.bonfimdopiaui.pi.leg.br/author/editor", "provider_name": "C\u00e2mara Municipal", "type": "rich"}